{"id":80,"date":"2006-08-27T13:18:34","date_gmt":"2006-08-27T11:18:34","guid":{"rendered":"http:\/\/www.hackenberger.at\/blog\/2006\/08\/27\/frankreich-spanien-reise-67\/"},"modified":"2006-08-30T18:03:14","modified_gmt":"2006-08-30T16:03:14","slug":"frankreich-spanien-reise-67","status":"publish","type":"post","link":"https:\/\/www.hackenberger.at\/blog\/2006\/08\/27\/frankreich-spanien-reise-67\/","title":{"rendered":"Frankreich Spanien Reise 6.7."},"content":{"rendered":"<p>Wir mussten besonders fr\u00fch (7h) aufstehen (\u00e4chz), weil wir ja einen weiten Weg vor uns hatten. Das Aufstehen war auch deshalb so anstrengend, weil wir fast alle schlecht geschlafen hatten wegen Hitze (naja, zumindest durften wir die AC f\u00fcr eine halbe Stunde andrehen) und zu kurzen Betten=Sofas. Aber es war echt sehr lieb von Markus uns f\u00fcr die 2 N\u00e4chte aufzunehmen, denn unsere Geldb\u00f6rsen waren durch die ganzen Hotelrechnungen schon leicht geschrumpft. Wir haben uns also gleich in der Fr\u00fch von Markus verabschiedet (der extra wegen uns aufgestanden ist, obwohl er noch ewig lang an einer Abgabe gebastelt hatte), uns vom Caf\u00e9 Fr\u00fchst\u00fcck geholt, das Auto eingepackt und sind in Richtung Barcelona aufgebrochen. Beim Flughafen endete nun die Reise von Flo und Kathi, sie mussten sich von Christoph und Eva, dem guten Essen, der Sonne und von Spanien verabschieden. Eva und Christoph blieben noch ein paar Tage in Barcelona und Kathi und Flo wurden nach ewigem Check-In-Warten (eine Chinesin hatte Passprobleme, sie haben \u00fcber 1 Stunde gewartet, obwohl nur 15 Leute vor ihnen waren) und einem langweiligen Flug in M\u00fcnchen von Flos Opa abgeholt. Dieser Urlaub bleibt dank der vielen Eindr\u00fccke und des gro\u00dfen Spa\u00dfes sicher unvergesslich!<\/p>\n<p>Zum Abschluss noch ein Gruppenfoto (das einzige):<\/p>\n<p><img decoding=\"async\" alt=\"Ronda5\" id=\"image81\" src=\"http:\/\/www.hackenberger.at\/blog\/wp-content\/uploads\/2006\/08\/IMG_0137.JPG\" \/><\/p>\n","protected":false},"excerpt":{"rendered":"<p>Wir mussten besonders fr\u00fch (7h) aufstehen (\u00e4chz), weil wir ja einen weiten Weg vor uns hatten. Das Aufstehen war auch deshalb so anstrengend, weil wir fast alle schlecht geschlafen hatten wegen Hitze (naja, zumindest durften wir die AC f\u00fcr eine halbe Stunde andrehen) und zu kurzen Betten=Sofas. Aber es war echt sehr lieb von Markus &hellip; <a href=\"https:\/\/www.hackenberger.at\/blog\/2006\/08\/27\/frankreich-spanien-reise-67\/\" class=\"more-link\">Continue reading <span class=\"screen-reader-text\">Frankreich Spanien Reise 6.7.<\/span> <span class=\"meta-nav\">&rarr;<\/span><\/a><\/p>\n","protected":false},"author":1,"featured_media":0,"comment_status":"open","ping_status":"open","sticky":false,"template":"","format":"standard","meta":[],"categories":[2],"tags":[],"views":8495,"_links":{"self":[{"href":"https:\/\/www.hackenberger.at\/blog\/wp-json\/wp\/v2\/posts\/80"}],"collection":[{"href":"https:\/\/www.hackenberger.at\/blog\/wp-json\/wp\/v2\/posts"}],"about":[{"href":"https:\/\/www.hackenberger.at\/blog\/wp-json\/wp\/v2\/types\/post"}],"author":[{"embeddable":true,"href":"https:\/\/www.hackenberger.at\/blog\/wp-json\/wp\/v2\/users\/1"}],"replies":[{"embeddable":true,"href":"https:\/\/www.hackenberger.at\/blog\/wp-json\/wp\/v2\/comments?post=80"}],"version-history":[{"count":0,"href":"https:\/\/www.hackenberger.at\/blog\/wp-json\/wp\/v2\/posts\/80\/revisions"}],"wp:attachment":[{"href":"https:\/\/www.hackenberger.at\/blog\/wp-json\/wp\/v2\/media?parent=80"}],"wp:term":[{"taxonomy":"category","embeddable":true,"href":"https:\/\/www.hackenberger.at\/blog\/wp-json\/wp\/v2\/categories?post=80"},{"taxonomy":"post_tag","embeddable":true,"href":"https:\/\/www.hackenberger.at\/blog\/wp-json\/wp\/v2\/tags?post=80"}],"curies":[{"name":"wp","href":"https:\/\/api.w.org\/{rel}","templated":true}]}}